{"id":13740,"date":"2019-11-03T19:20:39","date_gmt":"2019-11-03T18:20:39","guid":{"rendered":"https:\/\/tuberfan.com\/sito\/?p=13740"},"modified":"2019-11-14T19:01:35","modified_gmt":"2019-11-14T18:01:35","slug":"e-ufficiale-lasabri-e-anima-si-sono-lasciati","status":"publish","type":"post","link":"https:\/\/tuberfan.com\/sito\/e-ufficiale-lasabri-e-anima-si-sono-lasciati\/","title":{"rendered":"\u00c8 ufficiale: Anima e LaSabri si sono lasciati"},"content":{"rendered":"<h1>Alla fine le supposizioni erano vere.<\/h1>\n<p>Ieri <strong>Sascha Burci<\/strong>\u00a0(in arte<strong>\u00a0Anima<\/strong>) aveva pubblicato delle frasi in cui lui afferma di essere giunto<strong> al giorno peggiore della sua vita<\/strong>. Poco dopo i suoi post <strong>Sabrina Cesereto<\/strong> (in arte <strong>LaSabri<\/strong>) ha dichiarato di essere <strong>in un periodo difficile<\/strong> e che \u00e8 meglio non fare domande (trovate tutti i dettagli <a href=\"https:\/\/tuberfan.com\/sito\/anima-e-lasabri-si-sono-lasciati\/\">qui<\/a>). A quel punto molti hanno pensato che i due gamer <strong>si siano lasciati<\/strong>&#8230; e purtroppo avevano visto giusto.<\/p>\n<p>Sabrina Cesereto su Instagram ha definitivamente <strong>confermato la rottura<\/strong> della loro lunga relazione attraverso queste parole:<\/p>\n<blockquote><p>&#8220;Anche le cose belle a volte hanno una fine. Questo non vuol dire che arriveremo ad essere estranei, anzi, magari saremo ancora pi\u00f9 amici di prima. Sei stato il mio compagno per tanto tempo e non posso dire nient&#8217;altro che grazie. Ti voglio bene, tanto.&#8221;<\/p><\/blockquote>\n<p>Poco dopo queste dichiarazioni, \u00e8 arrivato anche il commento pubblico di Sacha Burci riguardo questa situazione:<\/p>\n<blockquote><p>&#8220;Mi hai accompagnato per 4 anni e mezzo. Sono cresciuto insieme a te, ho vissuto momenti magici&#8230; e per te ci sar\u00f2 sempre, amici pi\u00f9 che mai!<\/p>\n<p>P.S: Non sperare che ti far\u00f2 scappare tanto facilmente&#8230; perch\u00e9 ti ricordo che siamo ancora cugini.&#8221;<\/p><\/blockquote>\n<p>A quanto pare \u00e8 cos\u00ec:<strong> la coppia pi\u00f9 iconica di YouTube Italia \u00e8 ormai arrivata alla fine<\/strong>. Tuttavia l&#8217;ultima frase di Sacha Burci vuole forse indicare che il celebre gamer <strong>non sia effettivamente deciso a rompere con lei?<\/strong> Qualunque siano le supposizioni, sembra che la conclusione sia giunta. Nel frattempo auguriamo ai due youtuber un felice futuro, qualunque esso sia.<\/p>\n<p>Update: Senza andare troppo nei dettagli Sabrina Cesereto ha spiegato <strong>perch\u00e9 \u00e8 avvenuta la rottura della relazione<\/strong> (trovate tutti i dettagli <a href=\"https:\/\/tuberfan.com\/sito\/lasabri-spiega-perche-lei-e-anima-si-sono-lasciati\/\">qui<\/a>), mentre dopo tanto tempo anche Sascha Burci ha voluto spiegare <strong>la sua versione dei fatti<\/strong> (trovate tutti i dettagli <a href=\"https:\/\/tuberfan.com\/sito\/anima-spiega-perche-lui-e-lasabri-si-sono-lasciati\/\">qui<\/a>).<\/p>\n<p>Per rimanere aggiornato su tutte le news, tutte le recensioni e tutte le interviste riguardanti il mondo di YouTube che scriviamo sul sito,\u00a0<a href=\"https:\/\/apps.apple.com\/it\/app\/tuberfan\/id1468122335\">scarica l\u2019app.<\/a><\/p>\n","protected":false},"excerpt":{"rendered":"<p>Alla fine le supposizioni erano vere. Ieri Sascha Burci\u00a0(in arte\u00a0Anima) aveva pubblicato delle frasi in cui lui afferma di essere giunto al giorno peggiore della sua vita. Poco dopo i suoi post Sabrina Cesereto (in arte LaSabri) ha dichiarato di essere in un periodo difficile e che \u00e8 meglio non fare domande (trovate tutti i<\/p>\n","protected":false},"author":1073,"featured_media":13741,"comment_status":"open","ping_status":"open","sticky":false,"template":"","format":"standard","meta":[],"categories":[47,45],"tags":[4784,4788,4802,4790],"yoast_head":"<!-- This site is optimized with the Yoast SEO plugin v17.4 - https:\/\/yoast.com\/wordpress\/plugins\/seo\/ -->\n<title>\u00c8 ufficiale: Anima e LaSabri si sono lasciati - Tuberfan<\/title>\n<meta name=\"robots\" content=\"index, follow, max-snippet:-1, max-image-preview:large, max-video-preview:-1\" \/>\n<link rel=\"canonical\" href=\"https:\/\/tuberfan.com\/sito\/e-ufficiale-lasabri-e-anima-si-sono-lasciati\/\" \/>\n<meta property=\"og:locale\" content=\"it_IT\" \/>\n<meta property=\"og:type\" content=\"article\" \/>\n<meta property=\"og:title\" content=\"\u00c8 ufficiale: Anima e LaSabri si sono lasciati - Tuberfan\" \/>\n<meta property=\"og:description\" content=\"Alla fine le supposizioni erano vere. Ieri Sascha Burci\u00a0(in arte\u00a0Anima) aveva pubblicato delle frasi in cui lui afferma di essere giunto al giorno peggiore della sua vita. Poco dopo i suoi post Sabrina Cesereto (in arte LaSabri) ha dichiarato di essere in un periodo difficile e che \u00e8 meglio non fare domande (trovate tutti i\" \/>\n<meta property=\"og:url\" content=\"https:\/\/tuberfan.com\/sito\/e-ufficiale-lasabri-e-anima-si-sono-lasciati\/\" \/>\n<meta property=\"og:site_name\" content=\"Tuberfan\" \/>\n<meta property=\"article:publisher\" content=\"https:\/\/www.facebook.com\/influbusiness\/\" \/>\n<meta property=\"article:published_time\" content=\"2019-11-03T18:20:39+00:00\" \/>\n<meta property=\"article:modified_time\" content=\"2019-11-14T18:01:35+00:00\" \/>\n<meta property=\"og:image\" content=\"https:\/\/tuberfan.com\/sito\/wp-content\/uploads\/2019\/11\/Anima-e-LaSabri-si-sono-lasciati-e1572805014475.jpg\" \/>\n\t<meta property=\"og:image:width\" content=\"600\" \/>\n\t<meta property=\"og:image:height\" content=\"495\" \/>\n<meta name=\"twitter:card\" content=\"summary_large_image\" \/>\n<meta name=\"twitter:label1\" content=\"Scritto da\" \/>\n\t<meta name=\"twitter:data1\" content=\"News TuberFan\" \/>\n\t<meta name=\"twitter:label2\" content=\"Tempo di lettura stimato\" \/>\n\t<meta name=\"twitter:data2\" content=\"2 minuti\" \/>\n<script type=\"application\/ld+json\" class=\"yoast-schema-graph\">{\"@context\":\"https:\/\/schema.org\",\"@graph\":[{\"@type\":\"Organization\",\"@id\":\"https:\/\/tuberfan.com\/sito\/#organization\",\"name\":\"Tuberfan\",\"url\":\"https:\/\/tuberfan.com\/sito\/\",\"sameAs\":[\"https:\/\/www.facebook.com\/influbusiness\/\",\"https:\/\/www.instagram.com\/tuberfan_official\/\",\"https:\/\/www.youtube.com\/channel\/UCy6-POeCrrti9TQtyxo-HeQ\"],\"logo\":{\"@type\":\"ImageObject\",\"@id\":\"https:\/\/tuberfan.com\/sito\/#logo\",\"inLanguage\":\"it-IT\",\"url\":\"https:\/\/tuberfan.com\/sito\/wp-content\/uploads\/2017\/07\/tuberfan-logo.png\",\"contentUrl\":\"https:\/\/tuberfan.com\/sito\/wp-content\/uploads\/2017\/07\/tuberfan-logo.png\",\"width\":300,\"height\":344,\"caption\":\"Tuberfan\"},\"image\":{\"@id\":\"https:\/\/tuberfan.com\/sito\/#logo\"}},{\"@type\":\"WebSite\",\"@id\":\"https:\/\/tuberfan.com\/sito\/#website\",\"url\":\"https:\/\/tuberfan.com\/sito\/\",\"name\":\"Tuberfan\",\"description\":\"Magazine Influencer\",\"publisher\":{\"@id\":\"https:\/\/tuberfan.com\/sito\/#organization\"},\"potentialAction\":[{\"@type\":\"SearchAction\",\"target\":{\"@type\":\"EntryPoint\",\"urlTemplate\":\"https:\/\/tuberfan.com\/sito\/?s={search_term_string}\"},\"query-input\":\"required name=search_term_string\"}],\"inLanguage\":\"it-IT\"},{\"@type\":\"ImageObject\",\"@id\":\"https:\/\/tuberfan.com\/sito\/e-ufficiale-lasabri-e-anima-si-sono-lasciati\/#primaryimage\",\"inLanguage\":\"it-IT\",\"url\":\"https:\/\/tuberfan.com\/sito\/wp-content\/uploads\/2019\/11\/Anima-e-LaSabri-si-sono-lasciati-e1572805014475.jpg\",\"contentUrl\":\"https:\/\/tuberfan.com\/sito\/wp-content\/uploads\/2019\/11\/Anima-e-LaSabri-si-sono-lasciati-e1572805014475.jpg\",\"width\":600,\"height\":495,\"caption\":\"Anima e LaSabri si sono lasciati\"},{\"@type\":\"WebPage\",\"@id\":\"https:\/\/tuberfan.com\/sito\/e-ufficiale-lasabri-e-anima-si-sono-lasciati\/#webpage\",\"url\":\"https:\/\/tuberfan.com\/sito\/e-ufficiale-lasabri-e-anima-si-sono-lasciati\/\",\"name\":\"\\u00c8 ufficiale: Anima e LaSabri si sono lasciati - Tuberfan\",\"isPartOf\":{\"@id\":\"https:\/\/tuberfan.com\/sito\/#website\"},\"primaryImageOfPage\":{\"@id\":\"https:\/\/tuberfan.com\/sito\/e-ufficiale-lasabri-e-anima-si-sono-lasciati\/#primaryimage\"},\"datePublished\":\"2019-11-03T18:20:39+00:00\",\"dateModified\":\"2019-11-14T18:01:35+00:00\",\"breadcrumb\":{\"@id\":\"https:\/\/tuberfan.com\/sito\/e-ufficiale-lasabri-e-anima-si-sono-lasciati\/#breadcrumb\"},\"inLanguage\":\"it-IT\",\"potentialAction\":[{\"@type\":\"ReadAction\",\"target\":[\"https:\/\/tuberfan.com\/sito\/e-ufficiale-lasabri-e-anima-si-sono-lasciati\/\"]}]},{\"@type\":\"BreadcrumbList\",\"@id\":\"https:\/\/tuberfan.com\/sito\/e-ufficiale-lasabri-e-anima-si-sono-lasciati\/#breadcrumb\",\"itemListElement\":[{\"@type\":\"ListItem\",\"position\":1,\"name\":\"Home\",\"item\":\"https:\/\/tuberfan.com\/sito\/\"},{\"@type\":\"ListItem\",\"position\":2,\"name\":\"\\u00c8 ufficiale: Anima e LaSabri si sono lasciati\"}]},{\"@type\":\"Article\",\"@id\":\"https:\/\/tuberfan.com\/sito\/e-ufficiale-lasabri-e-anima-si-sono-lasciati\/#article\",\"isPartOf\":{\"@id\":\"https:\/\/tuberfan.com\/sito\/e-ufficiale-lasabri-e-anima-si-sono-lasciati\/#webpage\"},\"author\":{\"@id\":\"https:\/\/tuberfan.com\/sito\/#\/schema\/person\/0ec0d44a7397192f0750fd121f964010\"},\"headline\":\"\\u00c8 ufficiale: Anima e LaSabri si sono lasciati\",\"datePublished\":\"2019-11-03T18:20:39+00:00\",\"dateModified\":\"2019-11-14T18:01:35+00:00\",\"mainEntityOfPage\":{\"@id\":\"https:\/\/tuberfan.com\/sito\/e-ufficiale-lasabri-e-anima-si-sono-lasciati\/#webpage\"},\"wordCount\":327,\"commentCount\":13,\"publisher\":{\"@id\":\"https:\/\/tuberfan.com\/sito\/#organization\"},\"image\":{\"@id\":\"https:\/\/tuberfan.com\/sito\/e-ufficiale-lasabri-e-anima-si-sono-lasciati\/#primaryimage\"},\"thumbnailUrl\":\"https:\/\/tuberfan.com\/sito\/wp-content\/uploads\/2019\/11\/Anima-e-LaSabri-si-sono-lasciati-e1572805014475.jpg\",\"keywords\":[\"Anima e LaSabri si sono lasciati?\",\"Anima e Sabrina si sono lasciati?\",\"LaSabri e Anima si sono lasciati\",\"Sabrina e Anima si sono lasciati?\"],\"articleSection\":[\"Ultime notizie\",\"YouTube\"],\"inLanguage\":\"it-IT\",\"potentialAction\":[{\"@type\":\"CommentAction\",\"name\":\"Comment\",\"target\":[\"https:\/\/tuberfan.com\/sito\/e-ufficiale-lasabri-e-anima-si-sono-lasciati\/#respond\"]}]},{\"@type\":\"Person\",\"@id\":\"https:\/\/tuberfan.com\/sito\/#\/schema\/person\/0ec0d44a7397192f0750fd121f964010\",\"name\":\"News TuberFan\",\"description\":\"Questo articolo \\u00e8 stato scritto e curato da Andrea Barone!\",\"url\":\"https:\/\/tuberfan.com\/sito\/author\/news-tuberfan\/\"}]}<\/script>\n<!-- \/ Yoast SEO plugin. -->","yoast_head_json":{"title":"\u00c8 ufficiale: Anima e LaSabri si sono lasciati - Tuberfan","robots":{"index":"index","follow":"follow","max-snippet":"max-snippet:-1","max-image-preview":"max-image-preview:large","max-video-preview":"max-video-preview:-1"},"canonical":"https:\/\/tuberfan.com\/sito\/e-ufficiale-lasabri-e-anima-si-sono-lasciati\/","og_locale":"it_IT","og_type":"article","og_title":"\u00c8 ufficiale: Anima e LaSabri si sono lasciati - Tuberfan","og_description":"Alla fine le supposizioni erano vere. Ieri Sascha Burci\u00a0(in arte\u00a0Anima) aveva pubblicato delle frasi in cui lui afferma di essere giunto al giorno peggiore della sua vita. Poco dopo i suoi post Sabrina Cesereto (in arte LaSabri) ha dichiarato di essere in un periodo difficile e che \u00e8 meglio non fare domande (trovate tutti i","og_url":"https:\/\/tuberfan.com\/sito\/e-ufficiale-lasabri-e-anima-si-sono-lasciati\/","og_site_name":"Tuberfan","article_publisher":"https:\/\/www.facebook.com\/influbusiness\/","article_published_time":"2019-11-03T18:20:39+00:00","article_modified_time":"2019-11-14T18:01:35+00:00","og_image":[{"width":600,"height":495,"url":"https:\/\/tuberfan.com\/sito\/wp-content\/uploads\/2019\/11\/Anima-e-LaSabri-si-sono-lasciati-e1572805014475.jpg","type":"image\/jpeg"}],"twitter_card":"summary_large_image","twitter_misc":{"Scritto da":"News TuberFan","Tempo di lettura stimato":"2 minuti"},"schema":{"@context":"https:\/\/schema.org","@graph":[{"@type":"Organization","@id":"https:\/\/tuberfan.com\/sito\/#organization","name":"Tuberfan","url":"https:\/\/tuberfan.com\/sito\/","sameAs":["https:\/\/www.facebook.com\/influbusiness\/","https:\/\/www.instagram.com\/tuberfan_official\/","https:\/\/www.youtube.com\/channel\/UCy6-POeCrrti9TQtyxo-HeQ"],"logo":{"@type":"ImageObject","@id":"https:\/\/tuberfan.com\/sito\/#logo","inLanguage":"it-IT","url":"https:\/\/tuberfan.com\/sito\/wp-content\/uploads\/2017\/07\/tuberfan-logo.png","contentUrl":"https:\/\/tuberfan.com\/sito\/wp-content\/uploads\/2017\/07\/tuberfan-logo.png","width":300,"height":344,"caption":"Tuberfan"},"image":{"@id":"https:\/\/tuberfan.com\/sito\/#logo"}},{"@type":"WebSite","@id":"https:\/\/tuberfan.com\/sito\/#website","url":"https:\/\/tuberfan.com\/sito\/","name":"Tuberfan","description":"Magazine Influencer","publisher":{"@id":"https:\/\/tuberfan.com\/sito\/#organization"},"potentialAction":[{"@type":"SearchAction","target":{"@type":"EntryPoint","urlTemplate":"https:\/\/tuberfan.com\/sito\/?s={search_term_string}"},"query-input":"required name=search_term_string"}],"inLanguage":"it-IT"},{"@type":"ImageObject","@id":"https:\/\/tuberfan.com\/sito\/e-ufficiale-lasabri-e-anima-si-sono-lasciati\/#primaryimage","inLanguage":"it-IT","url":"https:\/\/tuberfan.com\/sito\/wp-content\/uploads\/2019\/11\/Anima-e-LaSabri-si-sono-lasciati-e1572805014475.jpg","contentUrl":"https:\/\/tuberfan.com\/sito\/wp-content\/uploads\/2019\/11\/Anima-e-LaSabri-si-sono-lasciati-e1572805014475.jpg","width":600,"height":495,"caption":"Anima e LaSabri si sono lasciati"},{"@type":"WebPage","@id":"https:\/\/tuberfan.com\/sito\/e-ufficiale-lasabri-e-anima-si-sono-lasciati\/#webpage","url":"https:\/\/tuberfan.com\/sito\/e-ufficiale-lasabri-e-anima-si-sono-lasciati\/","name":"\u00c8 ufficiale: Anima e LaSabri si sono lasciati - Tuberfan","isPartOf":{"@id":"https:\/\/tuberfan.com\/sito\/#website"},"primaryImageOfPage":{"@id":"https:\/\/tuberfan.com\/sito\/e-ufficiale-lasabri-e-anima-si-sono-lasciati\/#primaryimage"},"datePublished":"2019-11-03T18:20:39+00:00","dateModified":"2019-11-14T18:01:35+00:00","breadcrumb":{"@id":"https:\/\/tuberfan.com\/sito\/e-ufficiale-lasabri-e-anima-si-sono-lasciati\/#breadcrumb"},"inLanguage":"it-IT","potentialAction":[{"@type":"ReadAction","target":["https:\/\/tuberfan.com\/sito\/e-ufficiale-lasabri-e-anima-si-sono-lasciati\/"]}]},{"@type":"BreadcrumbList","@id":"https:\/\/tuberfan.com\/sito\/e-ufficiale-lasabri-e-anima-si-sono-lasciati\/#breadcrumb","itemListElement":[{"@type":"ListItem","position":1,"name":"Home","item":"https:\/\/tuberfan.com\/sito\/"},{"@type":"ListItem","position":2,"name":"\u00c8 ufficiale: Anima e LaSabri si sono lasciati"}]},{"@type":"Article","@id":"https:\/\/tuberfan.com\/sito\/e-ufficiale-lasabri-e-anima-si-sono-lasciati\/#article","isPartOf":{"@id":"https:\/\/tuberfan.com\/sito\/e-ufficiale-lasabri-e-anima-si-sono-lasciati\/#webpage"},"author":{"@id":"https:\/\/tuberfan.com\/sito\/#\/schema\/person\/0ec0d44a7397192f0750fd121f964010"},"headline":"\u00c8 ufficiale: Anima e LaSabri si sono lasciati","datePublished":"2019-11-03T18:20:39+00:00","dateModified":"2019-11-14T18:01:35+00:00","mainEntityOfPage":{"@id":"https:\/\/tuberfan.com\/sito\/e-ufficiale-lasabri-e-anima-si-sono-lasciati\/#webpage"},"wordCount":327,"commentCount":13,"publisher":{"@id":"https:\/\/tuberfan.com\/sito\/#organization"},"image":{"@id":"https:\/\/tuberfan.com\/sito\/e-ufficiale-lasabri-e-anima-si-sono-lasciati\/#primaryimage"},"thumbnailUrl":"https:\/\/tuberfan.com\/sito\/wp-content\/uploads\/2019\/11\/Anima-e-LaSabri-si-sono-lasciati-e1572805014475.jpg","keywords":["Anima e LaSabri si sono lasciati?","Anima e Sabrina si sono lasciati?","LaSabri e Anima si sono lasciati","Sabrina e Anima si sono lasciati?"],"articleSection":["Ultime notizie","YouTube"],"inLanguage":"it-IT","potentialAction":[{"@type":"CommentAction","name":"Comment","target":["https:\/\/tuberfan.com\/sito\/e-ufficiale-lasabri-e-anima-si-sono-lasciati\/#respond"]}]},{"@type":"Person","@id":"https:\/\/tuberfan.com\/sito\/#\/schema\/person\/0ec0d44a7397192f0750fd121f964010","name":"News TuberFan","description":"Questo articolo \u00e8 stato scritto e curato da Andrea Barone!","url":"https:\/\/tuberfan.com\/sito\/author\/news-tuberfan\/"}]}},"amp_enabled":true,"_links":{"self":[{"href":"https:\/\/tuberfan.com\/sito\/wp-json\/wp\/v2\/posts\/13740"}],"collection":[{"href":"https:\/\/tuberfan.com\/sito\/wp-json\/wp\/v2\/posts"}],"about":[{"href":"https:\/\/tuberfan.com\/sito\/wp-json\/wp\/v2\/types\/post"}],"author":[{"embeddable":true,"href":"https:\/\/tuberfan.com\/sito\/wp-json\/wp\/v2\/users\/1073"}],"replies":[{"embeddable":true,"href":"https:\/\/tuberfan.com\/sito\/wp-json\/wp\/v2\/comments?post=13740"}],"version-history":[{"count":0,"href":"https:\/\/tuberfan.com\/sito\/wp-json\/wp\/v2\/posts\/13740\/revisions"}],"wp:featuredmedia":[{"embeddable":true,"href":"https:\/\/tuberfan.com\/sito\/wp-json\/wp\/v2\/media\/13741"}],"wp:attachment":[{"href":"https:\/\/tuberfan.com\/sito\/wp-json\/wp\/v2\/media?parent=13740"}],"wp:term":[{"taxonomy":"category","embeddable":true,"href":"https:\/\/tuberfan.com\/sito\/wp-json\/wp\/v2\/categories?post=13740"},{"taxonomy":"post_tag","embeddable":true,"href":"https:\/\/tuberfan.com\/sito\/wp-json\/wp\/v2\/tags?post=13740"}],"curies":[{"name":"wp","href":"https:\/\/api.w.org\/{rel}","templated":true}]}}